{"id":13,"date":"2017-01-01T17:06:08","date_gmt":"2017-01-01T15:06:08","guid":{"rendered":"http:\/\/acon-prof.de\/?p=13"},"modified":"2017-01-01T17:42:43","modified_gmt":"2017-01-01T15:42:43","slug":"haare-zum-traumen","status":"publish","type":"post","link":"https:\/\/acon-prof.de\/?p=13","title":{"rendered":"Haare zum Tr\u00e4umen"},"content":{"rendered":"<p>Haare zum Tr\u00e4umen<\/h2>\n<div class=\"entry\">\n<p>Tr\u00e4ume sind Bestandteil unseres Lebens, unserer W\u00fcnsche und Hoffnungen. Aber sie sind auch Teil unserer Wirklichkeit, unseres K\u00f6rpers&nbsp; und unserer Gesundheit. Tr\u00e4ume sollten daher ernst genommen werden, denn sie k\u00f6nnen Zeichen von Krankheiten, psychischen St\u00f6rungen und gro\u00dfen Sorgen sein.<\/p>\n<p>Gesichter und besonders Haare sind oft Bestandteil von Tr\u00e4umen. In der Gesellschaft symbolisiert Haar Eitelkeit; so sehr das Aussehen und Farbe der Haare heute sehr viel bedeuten. Es gibt buchst\u00e4blich tausende Produkte und Rezepte gegen <a title=\"Haarausfall\" href=\"http:\/\/www.keratene.com\/\">Haarausfall<\/a> auf dem Markt.&nbsp; Manche ziehen auch die Verpflanzung von eigenem Haar in Erw\u00e4gung, wie es z.B. \u00c4rzte wie Doktor Heitmann oder Doktor Mwamba machen.&nbsp; Sowohl M\u00e4nner als auch Frauen f\u00e4rben ihr graues Haar statt es als Zeichen von Weisheit zu akzeptieren.<\/p>\n<p>In der Tat k\u00f6nnen Tr\u00e4ume Haar zu verlieren oder grau zu machen, \u00c4ngste davor \u00e4lter zu werden oder einen Mangel an Selbstbewusstsein provozieren. Ebenso ist ein starker Bart ein Zeichen von Jugend und M\u00e4nnlichkeit, w\u00e4hrend ein grauer oder wei\u00dfer Bart Weisheit und das Alter symbolisiert. Tr\u00e4ume von Haarausfall k\u00f6nnten dagegen nach Ansicht von Psychoanalytikern Furcht vor Kastration oder Impotenz darstellen .<\/p>\n<p>F\u00fcr sowohl Frauen als auch M\u00e4nner kann ein Haarschnitt einen Verlust an St\u00e4rke symbolisieren. Denken Sie, dass Sie mit einer Situation im Leben \u00fcberfordert sind, wo Sie sich kraftlos oder erstickt f\u00fchlen? Ihr Haar dann im Wind blasen zu lassen, ist ein Zeichen von Mangel an Hemmung und einer Sehnsucht nach Freiheit.<\/p>\n<p>In ziemlich viele Kulturen ist Haar eng mit Spiritualit\u00e4t verbunden . Eine gr\u00f6\u00dfere Anzahl von amerikanischen St\u00e4mmen denkt das sich Seele oder Geist im Haar befinden. In diesem Sinn, dem Abschneiden oder dem Abrasieren von Haar in einem Traum kann einen Wunsch zu symbolisieren, sich mit der Erde wieder zu verbinden.<\/p>\n<p>Haartr\u00e4ume k\u00f6nnen auch sexuelle M\u00e4nnlichkeit, Verf\u00fchrung, Sinnlichkeit, Eitelkeit und Gesundheit bedeuten. Wenn das Haar verknotet oder verheddert ist, kann es ein Zeichen von Ungewissheit und Verwirrung im Leben sein, der Unf\u00e4higkeit etwas gerade zu halten.<\/p>\n<p>Tr\u00e4ume, dass Sie Ihr Haar k\u00e4mmen, streicheln oder neu entwerfen kann \u2013 wie durch Haarverpflanzung \u2013 bedeuten , dass Sie mit einer neuen Idee, einem neuen Konzept, einem neuen Ausblick oder einer neuen Art zu denken umgehen. Es kann damit zu tun haben, Ihre Gedanken in Ordnung zu bringen. Eine noch w\u00f6rtlichere Interpretation von solchen Haartr\u00e4umen kann Ihre Sorgen um Ihr Aussehen und Erscheinungsbild sein. Der Traum k\u00f6nnte auch eine Metapher sein, dass Sie sich \u201cleichtfertig\u201d f\u00fchlen.<\/p>\n","protected":false},"excerpt":{"rendered":"<p>Haare zum Tr\u00e4umen Tr\u00e4ume sind Bestandteil unseres Lebens, unserer W\u00fcnsche und Hoffnungen. Aber sie sind auch Teil unserer Wirklichkeit, unseres K\u00f6rpers&nbsp; und unserer Gesundheit. Tr\u00e4ume sollten daher ernst genommen werden, denn sie k\u00f6nnen Zeichen von Krankheiten, psychischen St\u00f6rungen und gro\u00dfen Sorgen sein. Gesichter und besonders Haare sind oft Bestandteil von Tr\u00e4umen. In der Gesellschaft symbolisiert [&hellip;]<\/p>\n","protected":false},"author":1,"featured_media":0,"comment_status":"closed","ping_status":"closed","sticky":false,"template":"","format":"standard","meta":[],"categories":[],"tags":[],"_links":{"self":[{"href":"https:\/\/acon-prof.de\/index.php?rest_route=\/wp\/v2\/posts\/13"}],"collection":[{"href":"https:\/\/acon-prof.de\/index.php?rest_route=\/wp\/v2\/posts"}],"about":[{"href":"https:\/\/acon-prof.de\/index.php?rest_route=\/wp\/v2\/types\/post"}],"author":[{"embeddable":true,"href":"https:\/\/acon-prof.de\/index.php?rest_route=\/wp\/v2\/users\/1"}],"replies":[{"embeddable":true,"href":"https:\/\/acon-prof.de\/index.php?rest_route=%2Fwp%2Fv2%2Fcomments&post=13"}],"version-history":[{"count":1,"href":"https:\/\/acon-prof.de\/index.php?rest_route=\/wp\/v2\/posts\/13\/revisions"}],"predecessor-version":[{"id":14,"href":"https:\/\/acon-prof.de\/index.php?rest_route=\/wp\/v2\/posts\/13\/revisions\/14"}],"wp:attachment":[{"href":"https:\/\/acon-prof.de\/index.php?rest_route=%2Fwp%2Fv2%2Fmedia&parent=13"}],"wp:term":[{"taxonomy":"category","embeddable":true,"href":"https:\/\/acon-prof.de\/index.php?rest_route=%2Fwp%2Fv2%2Fcategories&post=13"},{"taxonomy":"post_tag","embeddable":true,"href":"https:\/\/acon-prof.de\/index.php?rest_route=%2Fwp%2Fv2%2Ftags&post=13"}],"curies":[{"name":"wp","href":"https:\/\/api.w.org\/{rel}","templated":true}]}}